{"id":764,"date":"2023-01-14T22:55:10","date_gmt":"2023-01-14T22:55:10","guid":{"rendered":"http:\/\/fantastisch-bloggen.de\/?p=764"},"modified":"2023-01-14T22:55:10","modified_gmt":"2023-01-14T22:55:10","slug":"und-wieder-schuetzt-unseren-lebensraum","status":"publish","type":"post","link":"http:\/\/fantastisch-bloggen.de\/?p=764","title":{"rendered":"Und wieder: Sch\u00fctzt unseren Lebensraum"},"content":{"rendered":"\n<p>Neujahr ist schon eine Weile her, und ich habe schon l\u00e4nger hier nicht geschrieben. Doch einmal im Jahr will ich dann doch mal etwas zur allgemeinen Situation der Welt schreiben.<\/p>\n\n\n\n<p>Es ist nun 2023, und damit ist es 3 Jahre her, dass ich das erste Mal etwas zum Thema Klimapolitik und dem Umgang mit den Protesten dazu geschrieben habe. Leider hat sich nichts getan. Es bleibt wie es war.<\/p>\n\n\n\n<figure class=\"wp-block-image\"><img loading=\"lazy\" decoding=\"async\" width=\"1024\" height=\"1024\" src=\"http:\/\/fantastisch-bloggen.de\/wp-content\/uploads\/2020\/01\/Neujahr-2019-shame-1024x1024.jpg\" alt=\"\" class=\"wp-image-293\" srcset=\"http:\/\/fantastisch-bloggen.de\/wp-content\/uploads\/2020\/01\/Neujahr-2019-shame-1024x1024.jpg 1024w, http:\/\/fantastisch-bloggen.de\/wp-content\/uploads\/2020\/01\/Neujahr-2019-shame-300x300.jpg 300w, http:\/\/fantastisch-bloggen.de\/wp-content\/uploads\/2020\/01\/Neujahr-2019-shame-150x150.jpg 150w, http:\/\/fantastisch-bloggen.de\/wp-content\/uploads\/2020\/01\/Neujahr-2019-shame-768x768.jpg 768w, http:\/\/fantastisch-bloggen.de\/wp-content\/uploads\/2020\/01\/Neujahr-2019-shame-100x100.jpg 100w, http:\/\/fantastisch-bloggen.de\/wp-content\/uploads\/2020\/01\/Neujahr-2019-shame.jpg 1256w\" sizes=\"auto, (max-width: 767px) 89vw, (max-width: 1000px) 54vw, (max-width: 1071px) 543px, 580px\" \/><figcaption>Gezeichnet von Britta Nowak<\/figcaption><\/figure>\n\n\n\n<p>Mittlerweile kleben sich junge Menschen aus purer Verzweiflung auf die Stra\u00dfen und bewerfen Glasscheiben mit Tomatenso\u00dfen. Die Reaktionen sind Diskussionen dar\u00fcber, ob das gut inszenierter Widerstand ist, oder ob sie ihr Anliegen nicht besser r\u00fcberbringen k\u00f6nnten.<\/p>\n\n\n\n<p>Das hat etwas davon, dass sich Leute in einem Haus befinden und jemand kommt herein und ruft &#8222;Schei\u00dfe Leute, es brennt.&#8220; Anstatt sich darum zu k\u00fcmmern, das Feuer zu l\u00f6schen, wird nun der Gebrauch von Kraftausdr\u00fccken angemahnt und erkl\u00e4rt, dass man doch nicht angeschrien werden m\u00f6chte, w\u00e4hrend rings um die Flammen hoch schlagen.<\/p>\n\n\n\n<p>Wie kann man nur so dumm und ignorant sein?<\/p>\n\n\n\n<p>Die Katastrophe ist l\u00e4ngst da. Wir m\u00fcssen handeln. Es ist komplett egal, ob sich jemand irgendwo festklebt, Kunstwerke leiden oder was auch immer jemand tut, um uns darauf aufmerksam zu machen. Selbst wenn diese junge Leute wirklich anfangen w\u00fcrden gewaltt\u00e4tig und gef\u00e4hrlich zu werden, selbst im Fall, dass sich so etwas wie eine Klima-RAF tats\u00e4chlich bilden w\u00fcrde,  \u00e4ndert das nichts an der schlichten Tatsache, dass dringend Handlungsbedarf besteht.<\/p>\n\n\n\n<p>Wer immer was auch immer tut, um Politker:innen zum Handeln aufzufordern hat in solchem Ma\u00dfe recht, dass die Art der Aufforderung einfach egal ist.<\/p>\n\n\n\n<p>Warum haben wir denn eine parlamentarische Demokratie, und keine direkte Demokratie? Doch wohl damit Politiker:innen, wenn es wirklich notwendig ist, auch handeln k\u00f6nnen ohne vorher das Volk zu befragen, einfach weil es n\u00f6tig ist. Das hat bei Corona doch auch geklappt.<\/p>\n\n\n\n<p><strong>H\u00f6rt auf die Expert:innen<\/strong>, tut etwas gegen die Zerst\u00f6rung unserer Lebensgrundlagen.<\/p>\n\n\n\n<p>Es gibt keinen Grund es nicht zu tun, der nicht h\u00f6chst kriminell ist.<\/p>\n\n\n\n<p><\/p>\n\n\n\n<p>Und f\u00fcr die, die einfach zu egoistisch sind um sich \u00fcber sp\u00e4tere Generationen Gedanken zu machen: Die Katastrophe ist da, das ist keine Zukunftsvision. Wer jetzt alt ist, ist gef\u00e4hrdet. Panik ist angesagt. <\/p>\n","protected":false},"excerpt":{"rendered":"<p>Neujahr ist schon eine Weile her, und ich habe schon l\u00e4nger hier nicht geschrieben. Doch einmal im Jahr will ich dann doch mal etwas zur allgemeinen Situation der Welt schreiben. Es ist nun 2023, und damit ist es 3 Jahre her, dass ich das erste Mal etwas zum Thema Klimapolitik und dem Umgang mit den &hellip; <\/p>\n<p class=\"link-more\"><a href=\"http:\/\/fantastisch-bloggen.de\/?p=764\" class=\"more-link\"><span class=\"screen-reader-text\">\u201eUnd wieder: Sch\u00fctzt unseren Lebensraum\u201c<\/span> weiterlesen<\/a><\/p>\n","protected":false},"author":1,"featured_media":0,"comment_status":"closed","ping_status":"open","sticky":false,"template":"","format":"standard","meta":{"footnotes":""},"categories":[1],"tags":[],"class_list":["post-764","post","type-post","status-publish","format-standard","hentry","category-uncategorized"],"_links":{"self":[{"href":"http:\/\/fantastisch-bloggen.de\/index.php?rest_route=\/wp\/v2\/posts\/764","targetHints":{"allow":["GET"]}}],"collection":[{"href":"http:\/\/fantastisch-bloggen.de\/index.php?rest_route=\/wp\/v2\/posts"}],"about":[{"href":"http:\/\/fantastisch-bloggen.de\/index.php?rest_route=\/wp\/v2\/types\/post"}],"author":[{"embeddable":true,"href":"http:\/\/fantastisch-bloggen.de\/index.php?rest_route=\/wp\/v2\/users\/1"}],"replies":[{"embeddable":true,"href":"http:\/\/fantastisch-bloggen.de\/index.php?rest_route=%2Fwp%2Fv2%2Fcomments&post=764"}],"version-history":[{"count":1,"href":"http:\/\/fantastisch-bloggen.de\/index.php?rest_route=\/wp\/v2\/posts\/764\/revisions"}],"predecessor-version":[{"id":765,"href":"http:\/\/fantastisch-bloggen.de\/index.php?rest_route=\/wp\/v2\/posts\/764\/revisions\/765"}],"wp:attachment":[{"href":"http:\/\/fantastisch-bloggen.de\/index.php?rest_route=%2Fwp%2Fv2%2Fmedia&parent=764"}],"wp:term":[{"taxonomy":"category","embeddable":true,"href":"http:\/\/fantastisch-bloggen.de\/index.php?rest_route=%2Fwp%2Fv2%2Fcategories&post=764"},{"taxonomy":"post_tag","embeddable":true,"href":"http:\/\/fantastisch-bloggen.de\/index.php?rest_route=%2Fwp%2Fv2%2Ftags&post=764"}],"curies":[{"name":"wp","href":"https:\/\/api.w.org\/{rel}","templated":true}]}}