{"id":504,"date":"2021-01-01T22:18:29","date_gmt":"2021-01-01T22:18:29","guid":{"rendered":"http:\/\/fantastisch-bloggen.de\/?p=504"},"modified":"2021-01-01T22:34:11","modified_gmt":"2021-01-01T22:34:11","slug":"was-unsere-demokratie-gefaehrdet","status":"publish","type":"post","link":"http:\/\/fantastisch-bloggen.de\/?p=504","title":{"rendered":"Was unsere Demokratie gef\u00e4hrdet"},"content":{"rendered":"\n<p>2020 hatte ein gro\u00dfes Thema: Covid 19.<\/p>\n\n\n\n<p>Ich will nun nicht darauf eingehen, was an Ma\u00dfnahmen ich f\u00fcr sinnvoll halte und was das f\u00fcr unsere Demokratie bedeutet, oder auch nicht. Mir geht es um ein ganz anderes Ph\u00e4nomen: Die steigende Intoleranz gegen\u00fcber denen die das anders sehen und die Schuldzuweisungen die damit einhergehen.<\/p>\n\n\n\n<p>Das Tragen eines Mund-Nase-Schutz ist zum Politikum geworden, was ausgesprochen sch\u00e4dlich ist.<\/p>\n\n\n\n<figure class=\"wp-block-image size-large\"><img loading=\"lazy\" decoding=\"async\" width=\"768\" height=\"1024\" src=\"http:\/\/fantastisch-bloggen.de\/wp-content\/uploads\/2021\/01\/grafik-1-768x1024.png\" alt=\"\" class=\"wp-image-506\" srcset=\"http:\/\/fantastisch-bloggen.de\/wp-content\/uploads\/2021\/01\/grafik-1-768x1024.png 768w, http:\/\/fantastisch-bloggen.de\/wp-content\/uploads\/2021\/01\/grafik-1-225x300.png 225w, http:\/\/fantastisch-bloggen.de\/wp-content\/uploads\/2021\/01\/grafik-1.png 960w\" sizes=\"auto, (max-width: 767px) 89vw, (max-width: 1000px) 54vw, (max-width: 1071px) 543px, 580px\" \/><\/figure>\n\n\n\n<p>Ich trage die Maske nicht aus politischer \u00dcberzeugung, sondern weil sie zum Schutz vor Corona beitr\u00e4gt und ich es ohne gr\u00f6\u00dfere Einschr\u00e4nkungen kann.<\/p>\n\n\n\n<p>Es gibt aber Menschen die durch eine Maske massiv beeintr\u00e4chtigt werden, was ebenfalls nichts mit ihrer poltischen \u00dcberzeugung zutun hat. Daf\u00fcr gibt es dann \u00e4rztliche Atteste und entsprechende Befreiungen, aber auch Anfeindungen, da andere meinen aus dem krankheitsbedingten Verhalten eine politische \u00dcberzeungung ableiten zu k\u00f6nnen, was nat\u00fcrlich einfach Schwachsinn ist.<\/p>\n\n\n\n<p>Oder das nette Wort \u201eCovidiot\u201c. Das bezeichnet mittlerweile jede und jeden, die den eigenen Level an angesagt erscheinenden Ma\u00dfnahmen nicht mittr\u00e4gt. Einem demokratischen Dialog ist es sicher nicht zutr\u00e4glich, alle die es etwas anders sehen mit Schimpfw\u00f6rtern zu betiteln.<\/p>\n\n\n\n<p>Wenn soziale Wesen wie die Menschen von einer Epedemie bedroht sind, gibt es nun mal verschiedene Faktoren die zu ber\u00fccksichtigen sind. Auf der einen Seite das Bed\u00fcrfnis von Menschen nach menschlicher N\u00e4he und auf der anderen Seite die Bedrohung durch Ansteckung. Es bringt wenig eines davon zu ignorieren und die, die das nicht so k\u00f6nnen oder auch wollen einfach zu beleidigen.<\/p>\n\n\n\n<p>Den Virus werden wir besiegen. Wir haben einen Impfstoff, und mit der Zeit wird er in ausreichender Menge produziert werden, dass Covid 19 keine Gefahr mehr darstellen wird.<\/p>\n\n\n\n<p>Die Frage ist auf der einen Seite, wie viele Menschen bis dahin an dem Virus sterben und auf der anderen Seite welcher Schaden in der Gesellschaft entsteht, wenn immer wieder wichtige St\u00fctzen, die Kitas, Schulen, Sportvereine und Familienhilfen nun mal sind, wegfallen.<\/p>\n\n\n\n<p>Es bringt nichts, mit einem Apfelsinennetz vor dem Mund zur Schule zu gehen, es bringt aber auch genauso wenig Menschen ohne Mund-Nase-Schutz anzugreifen und keine Meinung, die von Drostens Worten abweicht zuzulassen und st\u00e4ndig Schuld bei irgendwelchen imagin\u00e4ren feierw\u00fctigen Coronaleugnern zu suchen.<\/p>\n\n\n\n<p>Es ist offensichtlich, dass wir den Virus in Europa nicht ohne Impfung unter Kontrolle bringen, nur macht man es sich zu einfach, wenn man daf\u00fcr die Bev\u00f6lkerung verantwortlich macht, die sich angeblich nicht an die Vorgaben h\u00e4lt. Ich fahre morgens mit Bahn und Bus zur Arbeit, und sehe um mich herum viele Leute die alle brav ihre Maske \u00fcber der Nase tragen. Auch bei der Arbeit wird die Maske getragen und der Abstand gehalten, unterst\u00fctzt durch Markierungen auf dem Boden.<\/p>\n\n\n\n<p>Da w\u00fcrde ich doch eher mal in die L\u00e4nder schauen, in denen das alles sehr viel besser klappt. Auffallend sind dort nicht mehr Einschr\u00e4nkungen der Kontakte unter den Menschen sondern unter anderem Quarant\u00e4nezentren und ein deutlich zielgerichteter Umgang mit dem Virus.<\/p>\n\n\n\n<p>Also, doch Kritik an den Ma\u00dfnahmen der deutschen Regierung ist durchaus angebracht.<\/p>\n\n\n\n<p>Aber eben auch hier: Zielgerichtet.<\/p>\n\n\n\n<p>Unsere Demokratie ist recht stabil. Punktuelle Einschr\u00e4nkungen auf beschr\u00e4nkte Zeit werden sie kaum gef\u00e4hrden oder gar beenden. Wenn wir aufh\u00f6ren miteinander zu reden und zu diskutieren sieht das allerdings ganz anders aus. Abwertungen und Schuldzuweisungen bringen nichts, als das man aufh\u00f6rt miteinander zu reden und f\u00fcr vorhandene und dr\u00e4ngende Probleme L\u00f6sungen zu suchen. Sie verh\u00e4rten nur die Fronten.<\/p>\n","protected":false},"excerpt":{"rendered":"<p>2020 hatte ein gro\u00dfes Thema: Covid 19. Ich will nun nicht darauf eingehen, was an Ma\u00dfnahmen ich f\u00fcr sinnvoll halte und was das f\u00fcr unsere Demokratie bedeutet, oder auch nicht. Mir geht es um ein ganz anderes Ph\u00e4nomen: Die steigende Intoleranz gegen\u00fcber denen die das anders sehen und die Schuldzuweisungen die damit einhergehen. Das Tragen &hellip; <\/p>\n<p class=\"link-more\"><a href=\"http:\/\/fantastisch-bloggen.de\/?p=504\" class=\"more-link\"><span class=\"screen-reader-text\">\u201eWas unsere Demokratie gef\u00e4hrdet\u201c<\/span> weiterlesen<\/a><\/p>\n","protected":false},"author":1,"featured_media":0,"comment_status":"closed","ping_status":"open","sticky":false,"template":"","format":"standard","meta":{"footnotes":""},"categories":[19],"tags":[],"class_list":["post-504","post","type-post","status-publish","format-standard","hentry","category-neujahrsposting"],"_links":{"self":[{"href":"http:\/\/fantastisch-bloggen.de\/index.php?rest_route=\/wp\/v2\/posts\/504","targetHints":{"allow":["GET"]}}],"collection":[{"href":"http:\/\/fantastisch-bloggen.de\/index.php?rest_route=\/wp\/v2\/posts"}],"about":[{"href":"http:\/\/fantastisch-bloggen.de\/index.php?rest_route=\/wp\/v2\/types\/post"}],"author":[{"embeddable":true,"href":"http:\/\/fantastisch-bloggen.de\/index.php?rest_route=\/wp\/v2\/users\/1"}],"replies":[{"embeddable":true,"href":"http:\/\/fantastisch-bloggen.de\/index.php?rest_route=%2Fwp%2Fv2%2Fcomments&post=504"}],"version-history":[{"count":2,"href":"http:\/\/fantastisch-bloggen.de\/index.php?rest_route=\/wp\/v2\/posts\/504\/revisions"}],"predecessor-version":[{"id":508,"href":"http:\/\/fantastisch-bloggen.de\/index.php?rest_route=\/wp\/v2\/posts\/504\/revisions\/508"}],"wp:attachment":[{"href":"http:\/\/fantastisch-bloggen.de\/index.php?rest_route=%2Fwp%2Fv2%2Fmedia&parent=504"}],"wp:term":[{"taxonomy":"category","embeddable":true,"href":"http:\/\/fantastisch-bloggen.de\/index.php?rest_route=%2Fwp%2Fv2%2Fcategories&post=504"},{"taxonomy":"post_tag","embeddable":true,"href":"http:\/\/fantastisch-bloggen.de\/index.php?rest_route=%2Fwp%2Fv2%2Ftags&post=504"}],"curies":[{"name":"wp","href":"https:\/\/api.w.org\/{rel}","templated":true}]}}